{"id":120,"date":"2025-02-27T15:21:16","date_gmt":"2025-02-27T14:21:16","guid":{"rendered":"https:\/\/associaciodevictimesdana.com\/?p=120"},"modified":"2025-03-06T10:17:03","modified_gmt":"2025-03-06T09:17:03","slug":"lassociacio-de-victimes-de-la-dana-29-octubre-2024-obrira-la-manifestacio-del-dissabte-1-amb-el-lema-mazon-dimissio","status":"publish","type":"post","link":"https:\/\/associaciodevictimesdana.com\/index.php\/2025\/02\/27\/lassociacio-de-victimes-de-la-dana-29-octubre-2024-obrira-la-manifestacio-del-dissabte-1-amb-el-lema-mazon-dimissio\/","title":{"rendered":"L\u2019associaci\u00f3 de v\u00edctimes de la DANA 29 octubre 2024 obrir\u00e0 la manifestaci\u00f3 del dissabte 1 de mar\u00e7 amb el lema \u00abMaz\u00f3n Dimissi\u00f3\u00bb"},"content":{"rendered":"\n<p><em>L\u2019Associaci\u00f3 agraeix la invitaci\u00f3 dels organitzadors de la manifestaci\u00f3, aix\u00ed com el seu treball de mobilitzaci\u00f3 de la societat valenciana amb quatre manifestacions multitudin\u00e0ries<\/em><\/p>\n\n\n\n<p>Maril\u00f3 Gradol\u00ed i Empar Puchades han participat, en representaci\u00f3 de l\u2019Associaci\u00f3 de V\u00edctimes DANA 29 Octubre 2024, en la roda de premsa que avui han realitzat a Catarroja les entitats organitzadores de la manifestaci\u00f3 que tindr\u00e0 lloc aquest proper dissabte 1 de mar\u00e7 a Val\u00e8ncia amb el lema \u201cMaz\u00f3n dimissi\u00f3\u201d.<\/p>\n\n\n\n<p>Gradol\u00ed i Puchades han expressat <strong>l\u2019agra\u00efment de les v\u00edctimes de la DANA a les entitats promotores de les quatre manifestacions<\/strong> i concentracions multitudin\u00e0ries que cada final de mes, des del 29 de novembre, han omplert Val\u00e8ncia, Alacant i Castell\u00f3. Ha estat un esfor\u00e7 gener\u00f3s i un treball important: quan les v\u00edctimes tot just est\u00e0vem plorant els nostres morts, traient fang de les nostres cases i dels nostres carrers, fent front a les necessitats m\u00e9s urgents i immediates, alg\u00fa va ocupar un lloc necessari. Volem donar-los les gr\u00e0cies.<\/p>\n\n\n\n<p>En aquest sentit, l\u2019Associaci\u00f3 vol posar en valor les manifestacions multitudin\u00e0ries d\u2019aquests quatre mesos. Primer, perqu\u00e8 han oferit una via de canalitzaci\u00f3 i expressi\u00f3 de la indignaci\u00f3 popular per la criminal gesti\u00f3 de la DANA que va fer el Govern de Carlos Maz\u00f3n. Segon, perqu\u00e8 <strong>han perm\u00e8s visualitzar la molt majorit\u00e0ria exig\u00e8ncia de la dimissi\u00f3 de Maz\u00f3n com a m\u00e0xim responsable de 227 morts evitables<\/strong>. Maz\u00f3n, tothom ho sap, \u00e9s un president pol\u00edticament acabat, a qui ning\u00fa no creu, i que tothom sap que no t\u00e9 cap futur, per molt que intente endossar la responsabilitat a l\u2019exconsellera Salom\u00e9 Pradas: darrere d\u2019ella, i per damunt d\u2019ella, en la responsabilitat, hi havia i hi ha el senyor Maz\u00f3n.<\/p>\n\n\n\n<p>Les manifestacions, a m\u00e9s, han obert la via de l\u2019expressi\u00f3 de la indignaci\u00f3 popular per tot el territori valenci\u00e0. Maz\u00f3n sap que no pot passejar-se per cap poble valenci\u00e0, que no \u00e9s ben rebut en cap banda. Tant \u00e9s aix\u00ed, que ni tan sols no va atrevir-se a estar en la Crida de l\u2019inici de les Falles. All\u00e0 on va Maz\u00f3n, el poble valenci\u00e0 l\u2019espera per a dir-li a la cara que no \u00e9s digne de ser president dels valencians, i que ha de dimitir.<\/p>\n\n\n\n<p>Aix\u00ed, exigim que el president Maz\u00f3n i el Govern valenci\u00e0 assumesquen les responsabilitats de tot tipus (socials, pol\u00edtiques i judicials) com a m\u00e0xima autoritat en la gesti\u00f3 d\u2019emerg\u00e8ncies. Seua \u00e9s la responsabilitat, i van fallar.<\/p>\n\n\n\n<p>Amb aquest objectiu, <strong>com a Associaci\u00f3 de V\u00edctimes estem desplegant una estrat\u00e8gia que contempla diferents l\u00ednies d\u2019actuaci\u00f3<\/strong>:<\/p>\n\n\n\n<p>&#8211; Personaci\u00f3 en cadascuna de les comissions d\u2019investigaci\u00f3 i en les institucions;<\/p>\n\n\n\n<p>&#8211; Reunions amb els representants institucionals i de govern (per exemple, la trobada que tingu\u00e9rem ahir amb la delegada del Govern);<\/p>\n\n\n\n<p>&#8211; Defensa de les necessitats materials i econ\u00f2miques de les v\u00edctimes que han patit p\u00e8rdues materials tan greus;<\/p>\n\n\n\n<p>&#8211; Personaci\u00f3 jur\u00eddica en el proc\u00e9s judicial obert;<\/p>\n\n\n\n<p>&#8211; Coordinaci\u00f3 amb les altres associacions de v\u00edctimes existents;<\/p>\n\n\n\n<p>&#8211; Mobilitzaci\u00f3 ciutadana.<\/p>\n\n\n\n<p><strong>\u00abPer\u00f2 hui no \u00e9s el moment de parlar de les nostres l\u00ednies de treball<\/strong> i de les seg\u00fcents passes que tenim previst de fer. <strong>Avui hem respost a la invitaci\u00f3 dels organitzadors de la convocat\u00f2ria de l\u20191 de mar\u00e7 per a obrir la manifestaci\u00f3<\/strong>, i volem agrair la invitaci\u00f3, i convidar els valencians i valencianes a continuar expressant la justa indignaci\u00f3 perqu\u00e8 Maz\u00f3n encara no haja presentat la seua dimissi\u00f3\u00bb.<\/p>\n","protected":false},"excerpt":{"rendered":"<p>L\u2019Associaci\u00f3 agraeix la invitaci\u00f3 dels organitzadors de la manifestaci\u00f3, aix\u00ed com el seu treball de mobilitzaci\u00f3 de la societat valenciana amb quatre manifestacions multitudin\u00e0ries Maril\u00f3 Gradol\u00ed i Empar Puchades han participat, en representaci\u00f3 de l\u2019Associaci\u00f3 de V\u00edctimes DANA 29 Octubre 2024, en la roda de premsa que avui han realitzat [&hellip;]<\/p>\n","protected":false},"author":1,"featured_media":124,"comment_status":"closed","ping_status":"closed","sticky":false,"template":"","format":"standard","meta":{"footnotes":""},"categories":[1],"tags":[7,6,8],"class_list":["post-120","post","type-post","status-publish","format-standard","has-post-thumbnail","hentry","category-noticies","tag-29-doctubre","tag-dana","tag-manifestacio"],"_links":{"self":[{"href":"https:\/\/associaciodevictimesdana.com\/index.php\/wp-json\/wp\/v2\/posts\/120","targetHints":{"allow":["GET"]}}],"collection":[{"href":"https:\/\/associaciodevictimesdana.com\/index.php\/wp-json\/wp\/v2\/posts"}],"about":[{"href":"https:\/\/associaciodevictimesdana.com\/index.php\/wp-json\/wp\/v2\/types\/post"}],"author":[{"embeddable":true,"href":"https:\/\/associaciodevictimesdana.com\/index.php\/wp-json\/wp\/v2\/users\/1"}],"replies":[{"embeddable":true,"href":"https:\/\/associaciodevictimesdana.com\/index.php\/wp-json\/wp\/v2\/comments?post=120"}],"version-history":[{"count":2,"href":"https:\/\/associaciodevictimesdana.com\/index.php\/wp-json\/wp\/v2\/posts\/120\/revisions"}],"predecessor-version":[{"id":126,"href":"https:\/\/associaciodevictimesdana.com\/index.php\/wp-json\/wp\/v2\/posts\/120\/revisions\/126"}],"wp:featuredmedia":[{"embeddable":true,"href":"https:\/\/associaciodevictimesdana.com\/index.php\/wp-json\/wp\/v2\/media\/124"}],"wp:attachment":[{"href":"https:\/\/associaciodevictimesdana.com\/index.php\/wp-json\/wp\/v2\/media?parent=120"}],"wp:term":[{"taxonomy":"category","embeddable":true,"href":"https:\/\/associaciodevictimesdana.com\/index.php\/wp-json\/wp\/v2\/categories?post=120"},{"taxonomy":"post_tag","embeddable":true,"href":"https:\/\/associaciodevictimesdana.com\/index.php\/wp-json\/wp\/v2\/tags?post=120"}],"curies":[{"name":"wp","href":"https:\/\/api.w.org\/{rel}","templated":true}]}}