{"id":196,"date":"2025-09-16T13:14:48","date_gmt":"2025-09-16T11:14:48","guid":{"rendered":"https:\/\/associaciodevictimesdana.com\/?p=196"},"modified":"2025-09-29T13:22:40","modified_gmt":"2025-09-29T11:22:40","slug":"plantem-al-consell","status":"publish","type":"post","link":"https:\/\/associaciodevictimesdana.com\/index.php\/2025\/09\/16\/plantem-al-consell\/","title":{"rendered":"Plantem al Consell"},"content":{"rendered":"\n<p>Associaci\u00f3 de V\u00edctimes Mortals de la DANA 29-O<br>Associaci\u00f3 de V\u00edctimes de la DANA 29 d\u2019octubre de 2024<\/p>\n\n\n\n<p>Les associacions signants volem fer p\u00fablic el nostre rebuig frontal a l\u2019actitud i als missatges que el president de la Generalitat, Carlos Maz\u00f3n, ha adoptat en els \u00faltims dies. L\u2019acte pol\u00edtic celebrat recentment, en el qual el president es va dedicar a reivindicar la seua gesti\u00f3 i a projectar un missatge preelectoral amb les emerg\u00e8ncies, a m\u00e9s de ser una mentida, es va fer sense cap refer\u00e8ncia ni homenatge a les v\u00edctimes de la trag\u00e8dia del 29 d\u2019octubre, que encara \u00e9s viva en el record de milers de fam\u00edlies valencianes.<\/p>\n\n\n\n<p>Les seues declaracions sobre la gesti\u00f3 de les emerg\u00e8ncies, i en concret la frase segons la qual \u201cnosaltres s\u00ed que ens prenem en serio les emerg\u00e8ncies\u201d, s\u00f3n incompatibles amb la realitat que han viscut els afectats per la DANA i amb les mancances que continuen patint els territoris afectats. A m\u00e9s, aquestes declaracions les va fer el dia que es commemorava el sis\u00e9 aniversari de la DANA de la Vega Baixa, amb una gesti\u00f3 que va evitar v\u00edctimes, al contrari que la seua gesti\u00f3 inexistent, encara que altres grups es reunisquen amb ell i li donen suport.<\/p>\n\n\n\n<p>Per tot aix\u00f2, manifestem:<\/p>\n\n\n\n<p>Exigim la dimissi\u00f3 de Carlos Maz\u00f3n i del seu Consell. Les associacions consideren que no s\u2019han assumit les responsabilitats pol\u00edtiques necess\u00e0ries davant la gravetat dels fets i davant la manca d\u2019execuci\u00f3 de mesures reals de prevenci\u00f3 i protecci\u00f3.<\/p>\n\n\n\n<p>No assistirem a la presentaci\u00f3 del suposat \u201cGran parc inundable\u201d convocada per la Conselleria el 16 de setembre de 2025. Considerem que aquest projecte, tal com s\u2019ha presentat p\u00fablicament i amb la dotaci\u00f3 pressupost\u00e0ria anunciada de 2 milions en el pressupost de 2026, quan l\u2019obra est\u00e0 valorada en 150 milions, \u00e9s insuficient i no respon a les necessitats reals dels pobles afectats. Una vegada m\u00e9s es tracta d\u2019un anunci buit i propagand\u00edstic del Consell. No tornarem a ser utilitzades per a fer veure que el Consell aconsegueix un acostament a les associacions de v\u00edctimes, com va passar amb la reuni\u00f3 amb el vicepresident de la Reconstrucci\u00f3, i encara menys despr\u00e9s d\u2019escoltar les infames declaracions de Maz\u00f3n.<\/p>\n\n\n\n<p>Exigim mesures immediates i concretes: actualitzaci\u00f3 i publicaci\u00f3 transparent dels protocols d\u2019emerg\u00e8ncia; auditoria independent de la resposta del 112 i dels processos d\u2019alerta; refor\u00e7 dels mitjans d\u2019atenci\u00f3 i de salut mental; reparacions econ\u00f2miques i socials reals per a les v\u00edctimes; i inversions urgents en infraestructures que garantisquen la seguretat de la poblaci\u00f3.<\/p>\n\n\n\n<p>Reclamem transpar\u00e8ncia i veritat. No acceptarem ret\u00f2rica ni anuncis propagand\u00edstics. La confian\u00e7a p\u00fablica es guanya amb accions i amb resultats demostrables, no amb imatges ni titulars mentre s\u2019amaguen les gravacions de v\u00eddeo amb so del CECOPI i estiguen totes en la seu judicial que investiga els fets.<\/p>\n\n\n\n<p>Recordem que darrere de les 229 v\u00edctimes mortals hi ha fam\u00edlies en dol, persones amb seq\u00fceles f\u00edsiques i ps\u00edquiques, i comunitats senceres encara en proc\u00e9s de reconstrucci\u00f3. No tolerarem que la mem\u00f2ria siga instrumentalitzada ni que la impunitat es convertisca en norma.<\/p>\n\n\n\n<p>Per la veritat, la just\u00edcia i la reparaci\u00f3,<br>Associaci\u00f3 de V\u00edctimes Mortals de la DANA 29-O<br>Associaci\u00f3 de V\u00edctimes de la DANA 29 d\u2019octubre de 2024<\/p>\n","protected":false},"excerpt":{"rendered":"<p>Associaci\u00f3 de V\u00edctimes Mortals de la DANA 29-OAssociaci\u00f3 de V\u00edctimes de la DANA 29 d\u2019octubre de 2024 Les associacions signants volem fer p\u00fablic el nostre rebuig frontal a l\u2019actitud i als missatges que el president de la Generalitat, Carlos Maz\u00f3n, ha adoptat en els \u00faltims dies. L\u2019acte pol\u00edtic celebrat recentment, [&hellip;]<\/p>\n","protected":false},"author":1,"featured_media":197,"comment_status":"closed","ping_status":"closed","sticky":false,"template":"","format":"standard","meta":{"footnotes":""},"categories":[1],"tags":[7,6,8,13,11],"class_list":["post-196","post","type-post","status-publish","format-standard","has-post-thumbnail","hentry","category-noticies","tag-29-doctubre","tag-dana","tag-manifestacio","tag-mazondimissio","tag-victimes"],"_links":{"self":[{"href":"https:\/\/associaciodevictimesdana.com\/index.php\/wp-json\/wp\/v2\/posts\/196","targetHints":{"allow":["GET"]}}],"collection":[{"href":"https:\/\/associaciodevictimesdana.com\/index.php\/wp-json\/wp\/v2\/posts"}],"about":[{"href":"https:\/\/associaciodevictimesdana.com\/index.php\/wp-json\/wp\/v2\/types\/post"}],"author":[{"embeddable":true,"href":"https:\/\/associaciodevictimesdana.com\/index.php\/wp-json\/wp\/v2\/users\/1"}],"replies":[{"embeddable":true,"href":"https:\/\/associaciodevictimesdana.com\/index.php\/wp-json\/wp\/v2\/comments?post=196"}],"version-history":[{"count":1,"href":"https:\/\/associaciodevictimesdana.com\/index.php\/wp-json\/wp\/v2\/posts\/196\/revisions"}],"predecessor-version":[{"id":198,"href":"https:\/\/associaciodevictimesdana.com\/index.php\/wp-json\/wp\/v2\/posts\/196\/revisions\/198"}],"wp:featuredmedia":[{"embeddable":true,"href":"https:\/\/associaciodevictimesdana.com\/index.php\/wp-json\/wp\/v2\/media\/197"}],"wp:attachment":[{"href":"https:\/\/associaciodevictimesdana.com\/index.php\/wp-json\/wp\/v2\/media?parent=196"}],"wp:term":[{"taxonomy":"category","embeddable":true,"href":"https:\/\/associaciodevictimesdana.com\/index.php\/wp-json\/wp\/v2\/categories?post=196"},{"taxonomy":"post_tag","embeddable":true,"href":"https:\/\/associaciodevictimesdana.com\/index.php\/wp-json\/wp\/v2\/tags?post=196"}],"curies":[{"name":"wp","href":"https:\/\/api.w.org\/{rel}","templated":true}]}}