{"id":248,"date":"2025-10-26T09:06:40","date_gmt":"2025-10-26T08:06:40","guid":{"rendered":"https:\/\/associaciodevictimesdana.com\/?p=248"},"modified":"2025-10-26T09:06:41","modified_gmt":"2025-10-26T08:06:41","slug":"dignitat-del-poble-valencia","status":"publish","type":"post","link":"https:\/\/associaciodevictimesdana.com\/index.php\/2025\/10\/26\/dignitat-del-poble-valencia\/","title":{"rendered":"Dignitat del poble valenci\u00e0"},"content":{"rendered":"\n<p>La societat valenciana ha tornat a eixir al carrer en lamanifestaci\u00f3 del 25 d&#8217;octubre de 2025, per la dignitat del nostre poble i per les v\u00edctimes de la DANA. Milers de persones vam reclamar just\u00edcia, mem\u00f2ria i responsabilitats.<\/p>\n\n\n\n<p>La manifestaci\u00f3, convocada per desenes d\u2019entitats civils, sindicats i associacions de v\u00edctimes, va ser una mostra de coratge col\u00b7lectiu: pancartes, llums, cants i el crit un\u00e0nime de \u201cNi oblit, ni perd\u00f3\u201d i \u201cMaz\u00f3n, dimissi\u00f3\u201d.<\/p>\n\n\n\n<p>La pres\u00e8ncia massiva d\u2019ahir i els homenatges que es van fer durant la marxa confirmen que la societat valenciana no permetr\u00e0 que la impunitat o l\u2019oblit es tornen a instal\u00b7lar. La dignitat de les v\u00edctimes i dels seus familiars est\u00e0 per damunt de tot.<\/p>\n\n\n\n<p>Com a associaci\u00f3 que acompanya i representa a moltes d\u2019aquestes fam\u00edlies, reafirmem la nostra exig\u00e8ncia de transpar\u00e8ncia i de responsabilitats pol\u00edtiques per la gesti\u00f3 de la cat\u00e0strofe. No acceptarem mig veritats ni silencis: continuarem exigint que s\u2019esclarega tot el que va passar i que es prenguen les mesures necess\u00e0ries perqu\u00e8 no tornen a passar trag\u00e8dies com la del 29 d&#8217;octubre de 2024.<\/p>\n\n\n\n<p>Agra\u00efm a la ciutadania que va eixir ahir per la seua valentia i comprom\u00eds,, la mem\u00f2ria col\u00b7lectiva \u00e9s l\u2019arma m\u00e9s poderosa contra l\u2019oblit. Seguirem treballant juntes i junts, perqu\u00e8 la paraula de les v\u00edctimes i la seua dignitat no queden silencades.<\/p>\n","protected":false},"excerpt":{"rendered":"<p>La societat valenciana ha tornat a eixir al carrer en lamanifestaci\u00f3 del 25 d&#8217;octubre de 2025, per la dignitat del nostre poble i per les v\u00edctimes de la DANA. Milers de persones vam reclamar just\u00edcia, mem\u00f2ria i responsabilitats. La manifestaci\u00f3, convocada per desenes d\u2019entitats civils, sindicats i associacions de v\u00edctimes, [&hellip;]<\/p>\n","protected":false},"author":1,"featured_media":249,"comment_status":"closed","ping_status":"closed","sticky":false,"template":"","format":"standard","meta":{"footnotes":""},"categories":[1],"tags":[7,6,8,13,11],"class_list":["post-248","post","type-post","status-publish","format-standard","has-post-thumbnail","hentry","category-noticies","tag-29-doctubre","tag-dana","tag-manifestacio","tag-mazondimissio","tag-victimes"],"_links":{"self":[{"href":"https:\/\/associaciodevictimesdana.com\/index.php\/wp-json\/wp\/v2\/posts\/248","targetHints":{"allow":["GET"]}}],"collection":[{"href":"https:\/\/associaciodevictimesdana.com\/index.php\/wp-json\/wp\/v2\/posts"}],"about":[{"href":"https:\/\/associaciodevictimesdana.com\/index.php\/wp-json\/wp\/v2\/types\/post"}],"author":[{"embeddable":true,"href":"https:\/\/associaciodevictimesdana.com\/index.php\/wp-json\/wp\/v2\/users\/1"}],"replies":[{"embeddable":true,"href":"https:\/\/associaciodevictimesdana.com\/index.php\/wp-json\/wp\/v2\/comments?post=248"}],"version-history":[{"count":1,"href":"https:\/\/associaciodevictimesdana.com\/index.php\/wp-json\/wp\/v2\/posts\/248\/revisions"}],"predecessor-version":[{"id":250,"href":"https:\/\/associaciodevictimesdana.com\/index.php\/wp-json\/wp\/v2\/posts\/248\/revisions\/250"}],"wp:featuredmedia":[{"embeddable":true,"href":"https:\/\/associaciodevictimesdana.com\/index.php\/wp-json\/wp\/v2\/media\/249"}],"wp:attachment":[{"href":"https:\/\/associaciodevictimesdana.com\/index.php\/wp-json\/wp\/v2\/media?parent=248"}],"wp:term":[{"taxonomy":"category","embeddable":true,"href":"https:\/\/associaciodevictimesdana.com\/index.php\/wp-json\/wp\/v2\/categories?post=248"},{"taxonomy":"post_tag","embeddable":true,"href":"https:\/\/associaciodevictimesdana.com\/index.php\/wp-json\/wp\/v2\/tags?post=248"}],"curies":[{"name":"wp","href":"https:\/\/api.w.org\/{rel}","templated":true}]}}