{"id":295,"date":"2025-12-12T13:32:50","date_gmt":"2025-12-12T12:32:50","guid":{"rendered":"https:\/\/associaciodevictimesdana.com\/?p=295"},"modified":"2025-12-13T18:21:50","modified_gmt":"2025-12-13T17:21:50","slug":"dialeg-trobades-als-pobles","status":"publish","type":"post","link":"https:\/\/associaciodevictimesdana.com\/index.php\/2025\/12\/12\/dialeg-trobades-als-pobles\/","title":{"rendered":"Di\u00e0leg. Trobades als pobles"},"content":{"rendered":"\n<h2 class=\"wp-block-heading\"><\/h2>\n\n\n\n<p>Des de l\u2019Associaci\u00f3 V\u00edctimes de la DANA 29 d\u2019Octubre de 2024 iniciem un nou cicle de <strong>xarrades-di\u00e0leg als pobles<\/strong>, amb l\u2019objectiu d\u2019escoltar-vos, compartir informaci\u00f3, refor\u00e7ar el suport mutu i continuar construint, entre totes i tots, un cam\u00ed de veritat, just\u00edcia i reparaci\u00f3.<\/p>\n\n\n\n<p>Hem comen\u00e7at aquest cicle a <strong>Ll\u00edria<\/strong>, municipi on resideixen familiars de v\u00edctimes mortals. La primera trobada va tindre lloc <strong>dijous 11 de desembre de 2025<\/strong>, a les <strong>19.00 h<\/strong>, a l\u2019<strong>Escola Oficial d\u2019Idiomes de Ll\u00edria<\/strong>, en el marc de l\u2019<strong>Aula de Ciutadania<\/strong> amb la confer\u00e8ncia:<\/p>\n\n\n\n<h3 class=\"wp-block-heading\"><strong>\u201c409 dies de la DANA. La for\u00e7a de les associacions\u201d<\/strong><\/h3>\n\n\n\n<p>En aquesta sessi\u00f3 particip\u00e0rem <strong>Empar Puchades<\/strong>, <strong>To\u00f1i Garc\u00eda<\/strong> i <strong>Maril\u00f3 Gradol\u00ed<\/strong>.<br>L\u2019acte va ser <strong>moderat per Rafael Ben\u00edtez<\/strong> i compt\u00e0 amb la presentaci\u00f3 del regidor de l&#8217;Ajuntament de Ll\u00edria, <strong>Nico Marco<\/strong>.<\/p>\n\n\n\n<p>Des de l\u2019Associaci\u00f3 volem agrair sincerament l\u2019assist\u00e8ncia de <strong>vora mig centenar de persones<\/strong> que ens van acompanyar, escoltant, preguntant i compartint experi\u00e8ncies i inquietuds. La vostra pres\u00e8ncia i el vostre comprom\u00eds continuen donant-nos for\u00e7a per seguir treballant.<\/p>\n\n\n\n<p>Aquesta ha estat nom\u00e9s la primera parada. Ben prompte anunciarem noves dates i nous pobles.<\/p>\n\n\n\n<p><strong>Gr\u00e0cies per caminar al nostre costat.<\/strong><\/p>\n\n\n\n<p><strong>Associaci\u00f3 V\u00edctimes de la DANA 29 d\u2019Octubre de 2024<\/strong><\/p>\n\n\n\n<figure class=\"wp-block-image size-large\"><img loading=\"lazy\" decoding=\"async\" width=\"1024\" height=\"768\" src=\"http:\/\/associaciodevictimesdana.com\/wp-content\/uploads\/2025\/12\/WhatsApp-Image-2025-12-12-at-08.39.31-1024x768.jpeg\" alt=\"\" class=\"wp-image-296\" srcset=\"https:\/\/associaciodevictimesdana.com\/wp-content\/uploads\/2025\/12\/WhatsApp-Image-2025-12-12-at-08.39.31-1024x768.jpeg 1024w, https:\/\/associaciodevictimesdana.com\/wp-content\/uploads\/2025\/12\/WhatsApp-Image-2025-12-12-at-08.39.31-300x225.jpeg 300w, https:\/\/associaciodevictimesdana.com\/wp-content\/uploads\/2025\/12\/WhatsApp-Image-2025-12-12-at-08.39.31-768x576.jpeg 768w, https:\/\/associaciodevictimesdana.com\/wp-content\/uploads\/2025\/12\/WhatsApp-Image-2025-12-12-at-08.39.31-1536x1152.jpeg 1536w, https:\/\/associaciodevictimesdana.com\/wp-content\/uploads\/2025\/12\/WhatsApp-Image-2025-12-12-at-08.39.31.jpeg 2000w\" sizes=\"auto, (max-width: 1024px) 100vw, 1024px\" \/><\/figure>\n\n\n\n<figure class=\"wp-block-image size-large\"><img loading=\"lazy\" decoding=\"async\" width=\"1024\" height=\"768\" src=\"https:\/\/associaciodevictimesdana.com\/wp-content\/uploads\/2025\/12\/WhatsApp-Image-2025-12-13-at-13.01.32-1-1024x768.jpeg\" alt=\"\" class=\"wp-image-299\" srcset=\"https:\/\/associaciodevictimesdana.com\/wp-content\/uploads\/2025\/12\/WhatsApp-Image-2025-12-13-at-13.01.32-1-1024x768.jpeg 1024w, https:\/\/associaciodevictimesdana.com\/wp-content\/uploads\/2025\/12\/WhatsApp-Image-2025-12-13-at-13.01.32-1-300x225.jpeg 300w, https:\/\/associaciodevictimesdana.com\/wp-content\/uploads\/2025\/12\/WhatsApp-Image-2025-12-13-at-13.01.32-1-768x576.jpeg 768w, https:\/\/associaciodevictimesdana.com\/wp-content\/uploads\/2025\/12\/WhatsApp-Image-2025-12-13-at-13.01.32-1-1536x1152.jpeg 1536w, https:\/\/associaciodevictimesdana.com\/wp-content\/uploads\/2025\/12\/WhatsApp-Image-2025-12-13-at-13.01.32-1.jpeg 1600w\" sizes=\"auto, (max-width: 1024px) 100vw, 1024px\" \/><\/figure>\n","protected":false},"excerpt":{"rendered":"<p>Des de l\u2019Associaci\u00f3 V\u00edctimes de la DANA 29 d\u2019Octubre de 2024 iniciem un nou cicle de xarrades-di\u00e0leg als pobles, amb l\u2019objectiu d\u2019escoltar-vos, compartir informaci\u00f3, refor\u00e7ar el suport mutu i continuar construint, entre totes i tots, un cam\u00ed de veritat, just\u00edcia i reparaci\u00f3. Hem comen\u00e7at aquest cicle a Ll\u00edria, municipi on [&hellip;]<\/p>\n","protected":false},"author":1,"featured_media":296,"comment_status":"closed","ping_status":"closed","sticky":false,"template":"","format":"standard","meta":{"footnotes":""},"categories":[1],"tags":[7,12,6,20,11],"class_list":["post-295","post","type-post","status-publish","format-standard","has-post-thumbnail","hentry","category-noticies","tag-29-doctubre","tag-barrancada","tag-dana","tag-lliria","tag-victimes"],"_links":{"self":[{"href":"https:\/\/associaciodevictimesdana.com\/index.php\/wp-json\/wp\/v2\/posts\/295","targetHints":{"allow":["GET"]}}],"collection":[{"href":"https:\/\/associaciodevictimesdana.com\/index.php\/wp-json\/wp\/v2\/posts"}],"about":[{"href":"https:\/\/associaciodevictimesdana.com\/index.php\/wp-json\/wp\/v2\/types\/post"}],"author":[{"embeddable":true,"href":"https:\/\/associaciodevictimesdana.com\/index.php\/wp-json\/wp\/v2\/users\/1"}],"replies":[{"embeddable":true,"href":"https:\/\/associaciodevictimesdana.com\/index.php\/wp-json\/wp\/v2\/comments?post=295"}],"version-history":[{"count":2,"href":"https:\/\/associaciodevictimesdana.com\/index.php\/wp-json\/wp\/v2\/posts\/295\/revisions"}],"predecessor-version":[{"id":300,"href":"https:\/\/associaciodevictimesdana.com\/index.php\/wp-json\/wp\/v2\/posts\/295\/revisions\/300"}],"wp:featuredmedia":[{"embeddable":true,"href":"https:\/\/associaciodevictimesdana.com\/index.php\/wp-json\/wp\/v2\/media\/296"}],"wp:attachment":[{"href":"https:\/\/associaciodevictimesdana.com\/index.php\/wp-json\/wp\/v2\/media?parent=295"}],"wp:term":[{"taxonomy":"category","embeddable":true,"href":"https:\/\/associaciodevictimesdana.com\/index.php\/wp-json\/wp\/v2\/categories?post=295"},{"taxonomy":"post_tag","embeddable":true,"href":"https:\/\/associaciodevictimesdana.com\/index.php\/wp-json\/wp\/v2\/tags?post=295"}],"curies":[{"name":"wp","href":"https:\/\/api.w.org\/{rel}","templated":true}]}}