{"id":354,"date":"2026-02-25T17:03:00","date_gmt":"2026-02-25T16:03:00","guid":{"rendered":"https:\/\/associaciodevictimesdana.com\/?p=354"},"modified":"2026-03-11T17:04:48","modified_gmt":"2026-03-11T16:04:48","slug":"valoracio-davant-lexposicio-raonada-elevada-al-tsj-cv","status":"publish","type":"post","link":"https:\/\/associaciodevictimesdana.com\/index.php\/2026\/02\/25\/valoracio-davant-lexposicio-raonada-elevada-al-tsj-cv\/","title":{"rendered":"Valoraci\u00f3 davant l\u2019exposici\u00f3 raonada elevada al TSJ-CV"},"content":{"rendered":"\n<p>Des de l\u2019Associaci\u00f3 V\u00edctimes de la DANA 29 d\u2019octubre de 2024 no entrem a valorar decisions judicials ni anticipem resultats processals. El que s\u00ed hem defensat des del primer dia \u00e9s que, com a m\u00e0xim responsable pol\u00edtic de la gesti\u00f3 del 29 d\u2019octubre de 2024, Carlos Maz\u00f3n hauria d\u2019haver comparegut volunt\u00e0riament davant del jutjat a declarar i assumir responsabilitats per les decisions i omissions que van marcar aquell dia. De la gesti\u00f3 d\u2019aquella jornada hi ha responsabilitats pol\u00edtiques que no s\u2019han acabat d\u2019assumir: Carlos Maz\u00f3n continua com a diputat, protegit pel govern de P\u00e9rez Llorca, igual que altres membres del Consell com Rovira, Camarero o Barrachina. Les responsabilitats penals es decidiran en seu judicial. Esperem que la instrucci\u00f3 continue amb el rigor que ha mostrat fins ara i que la just\u00edcia no ens decepcione, com fins ara ho ha fet el govern valenci\u00e0.<\/p>\n","protected":false},"excerpt":{"rendered":"<p>Des de l\u2019Associaci\u00f3 V\u00edctimes de la DANA 29 d\u2019octubre de 2024 no entrem a valorar decisions judicials ni anticipem resultats processals. El que s\u00ed hem defensat des del primer dia \u00e9s que, com a m\u00e0xim responsable pol\u00edtic de la gesti\u00f3 del 29 d\u2019octubre de 2024, Carlos Maz\u00f3n hauria d\u2019haver comparegut [&hellip;]<\/p>\n","protected":false},"author":1,"featured_media":278,"comment_status":"closed","ping_status":"closed","sticky":false,"template":"","format":"standard","meta":{"footnotes":""},"categories":[1],"tags":[],"class_list":["post-354","post","type-post","status-publish","format-standard","has-post-thumbnail","hentry","category-noticies"],"_links":{"self":[{"href":"https:\/\/associaciodevictimesdana.com\/index.php\/wp-json\/wp\/v2\/posts\/354","targetHints":{"allow":["GET"]}}],"collection":[{"href":"https:\/\/associaciodevictimesdana.com\/index.php\/wp-json\/wp\/v2\/posts"}],"about":[{"href":"https:\/\/associaciodevictimesdana.com\/index.php\/wp-json\/wp\/v2\/types\/post"}],"author":[{"embeddable":true,"href":"https:\/\/associaciodevictimesdana.com\/index.php\/wp-json\/wp\/v2\/users\/1"}],"replies":[{"embeddable":true,"href":"https:\/\/associaciodevictimesdana.com\/index.php\/wp-json\/wp\/v2\/comments?post=354"}],"version-history":[{"count":1,"href":"https:\/\/associaciodevictimesdana.com\/index.php\/wp-json\/wp\/v2\/posts\/354\/revisions"}],"predecessor-version":[{"id":355,"href":"https:\/\/associaciodevictimesdana.com\/index.php\/wp-json\/wp\/v2\/posts\/354\/revisions\/355"}],"wp:featuredmedia":[{"embeddable":true,"href":"https:\/\/associaciodevictimesdana.com\/index.php\/wp-json\/wp\/v2\/media\/278"}],"wp:attachment":[{"href":"https:\/\/associaciodevictimesdana.com\/index.php\/wp-json\/wp\/v2\/media?parent=354"}],"wp:term":[{"taxonomy":"category","embeddable":true,"href":"https:\/\/associaciodevictimesdana.com\/index.php\/wp-json\/wp\/v2\/categories?post=354"},{"taxonomy":"post_tag","embeddable":true,"href":"https:\/\/associaciodevictimesdana.com\/index.php\/wp-json\/wp\/v2\/tags?post=354"}],"curies":[{"name":"wp","href":"https:\/\/api.w.org\/{rel}","templated":true}]}}