{"id":356,"date":"2026-03-04T17:05:43","date_gmt":"2026-03-04T16:05:43","guid":{"rendered":"https:\/\/associaciodevictimesdana.com\/?p=356"},"modified":"2026-03-11T17:08:31","modified_gmt":"2026-03-11T16:08:31","slug":"prou-de-burles-a-la-nostra-seguretat","status":"publish","type":"post","link":"https:\/\/associaciodevictimesdana.com\/index.php\/2026\/03\/04\/prou-de-burles-a-la-nostra-seguretat\/","title":{"rendered":"Prou de burles a la nostra seguretat"},"content":{"rendered":"\n<p>L\u2019Associaci\u00f3 V\u00edctimes de la DANA 29 d\u2019Octubre de 2024 manifesta la seua preocupaci\u00f3 davant el cam\u00ed que est\u00e0 prenent la comissi\u00f3 mixta de reconstrucci\u00f3 impulsada pel Govern de l\u2019Estat, la Generalitat Valenciana i els ajuntaments afectats.<\/p>\n\n\n\n<p>Qualsevol espai de coordinaci\u00f3 institucional \u00e9s necessari. Per aix\u00f2 mateix afirmem amb claredat: la coordinaci\u00f3 i la comunicaci\u00f3 interadministrativa no s\u00f3n un esl\u00f2gan, s\u00f3n una necessitat vital. Per\u00f2, perqu\u00e8 siguen cre\u00efbles, han d\u2019anar acompanyades de responsabilitat, coher\u00e8ncia, voluntat real de cooperaci\u00f3, transpar\u00e8ncia, criteris objectius en les decisions i rendici\u00f3 de comptes.<\/p>\n\n\n\n<p>En aquest context, considerem una burla a la reconstrucci\u00f3 i a l\u2019entitat metropolitana de l\u2019Horta Sud el nomenament del regidor Jos\u00e9 Mar\u00eda Olano com a representant de la ciutat de Val\u00e8ncia en aquesta comissi\u00f3. No es pot situar com a interlocutor en una comissi\u00f3 de reconstrucci\u00f3 alg\u00fa que ha q\u00fcestionat p\u00fablicament la legitimitat de les associacions ve\u00efnals i la seua representativitat i que, com ha demostrat en les seues pr\u00f2pies paraules, no creu en la participaci\u00f3 ni en el di\u00e0leg.<\/p>\n\n\n\n<p>Donem suport expl\u00edcit als Comit\u00e9s d\u2019Emerg\u00e8ncia i Reconstrucci\u00f3 (CLER) en la seua exig\u00e8ncia de revocaci\u00f3 del nomenament i compartim plenament la seua advert\u00e8ncia que \u00abla reconstrucci\u00f3 no pot fer-se d\u2019esquena als qui van traure el fang dels carrers de barris i pedanies com la Torre, Castellar-l\u2019Oliveral, Faitanar o Forn d\u2019Alcedo. En nomenar Olano, l\u2019alcaldessa Catal\u00e1 premia la sup\u00e8rbia i castiga la participaci\u00f3 ciutadana\u00bb.<\/p>\n\n\n\n<p>No entenem una reconstrucci\u00f3 que no siga participada, participativa i transparent. Per\u00f2 tampoc volem escenificacions ni fotografies per a fer pol\u00edtica partidista. No volem que es torpedege el funcionament d\u2019aquesta comissi\u00f3 amb nomenaments que representen el negacionisme clim\u00e0tic o el menyspreu a la participaci\u00f3 ciutadana en un proc\u00e9s tan important com la reconstrucci\u00f3 i els plans d\u2019adaptaci\u00f3 al territori.<\/p>\n\n\n\n<p>La reconstrucci\u00f3 no \u00e9s nom\u00e9s formig\u00f3. \u00c9s prevenci\u00f3, planificaci\u00f3 i adaptaci\u00f3 al canvi clim\u00e0tic amb criteris t\u00e8cnics i cient\u00edfics. \u00c9s respecte al patrimoni natural i al territori que habitem. \u00c9s escoltar bombers, t\u00e8cnics d\u2019emerg\u00e8ncies, universitats, llauradors i ve\u00efnat.<\/p>\n\n\n\n<p>I \u00e9s transpar\u00e8ncia i claredat, amb convocat\u00f2ries amb criteris objectius de p\u00fablica concurr\u00e8ncia, avaluades per t\u00e8cnics independents (per a evitar adjudicacions a dit), i sistemes oberts de rendici\u00f3 de comptes.<\/p>\n\n\n\n<p>De res valen les paraules i els anuncis si despr\u00e9s no es treballa seriosament. M\u00e9s encara despr\u00e9s del que vam viure el 29 d\u2019octubre de 2024. Per\u00f2 no podem oblidar que va ser la Generalitat la primera que no va voler coordinar-se ni facilitar l\u2019ajuda d\u2019altres comunitats aut\u00f2nomes, tal com acrediten els correus oficials enviats des de la pr\u00f2pia administraci\u00f3 auton\u00f2mica. La manca de coordinaci\u00f3 va ser una realitat amb conseq\u00fc\u00e8ncies irreparables.<\/p>\n\n\n\n<p>Estem parlant de seguretat i del bon fer que trobem en tots els informes seriosos i en els treballs avalats per persones expertes reconegudes. Tamb\u00e9 en les reflexions aportades per estudiosos del territori, que coincideixen en una idea fonamental: darrere d\u2019un desastre d\u2019aquesta magnitud, perqu\u00e8 la reconstrucci\u00f3 i l\u2019adaptaci\u00f3 siguen eficaces, han de comptar necess\u00e0riament amb una ciutadania organitzada i activa. La participaci\u00f3 no \u00e9s un obstacle, \u00e9s una garantia de qualitat democr\u00e0tica i d\u2019efic\u00e0cia en les pol\u00edtiques p\u00fabliques.<\/p>\n\n\n\n<p>Mirem els plans anunciats fins ara amb preocupaci\u00f3. Necessitem informaci\u00f3, transpar\u00e8ncia i rendici\u00f3 de comptes. I responsables pol\u00edtics que creguen realment en la democr\u00e0cia, la participaci\u00f3 i el di\u00e0leg amb la ciutadania. Nom\u00e9s aix\u00ed podrem comen\u00e7ar a recuperar la confian\u00e7a institucional i garantir que el que va passar no torne a repetir-se.<\/p>\n","protected":false},"excerpt":{"rendered":"<p>L\u2019Associaci\u00f3 V\u00edctimes de la DANA 29 d\u2019Octubre de 2024 manifesta la seua preocupaci\u00f3 davant el cam\u00ed que est\u00e0 prenent la comissi\u00f3 mixta de reconstrucci\u00f3 impulsada pel Govern de l\u2019Estat, la Generalitat Valenciana i els ajuntaments afectats. Qualsevol espai de coordinaci\u00f3 institucional \u00e9s necessari. Per aix\u00f2 mateix afirmem amb claredat: la [&hellip;]<\/p>\n","protected":false},"author":1,"featured_media":357,"comment_status":"closed","ping_status":"closed","sticky":false,"template":"","format":"standard","meta":{"footnotes":""},"categories":[1],"tags":[],"class_list":["post-356","post","type-post","status-publish","format-standard","has-post-thumbnail","hentry","category-noticies"],"_links":{"self":[{"href":"https:\/\/associaciodevictimesdana.com\/index.php\/wp-json\/wp\/v2\/posts\/356","targetHints":{"allow":["GET"]}}],"collection":[{"href":"https:\/\/associaciodevictimesdana.com\/index.php\/wp-json\/wp\/v2\/posts"}],"about":[{"href":"https:\/\/associaciodevictimesdana.com\/index.php\/wp-json\/wp\/v2\/types\/post"}],"author":[{"embeddable":true,"href":"https:\/\/associaciodevictimesdana.com\/index.php\/wp-json\/wp\/v2\/users\/1"}],"replies":[{"embeddable":true,"href":"https:\/\/associaciodevictimesdana.com\/index.php\/wp-json\/wp\/v2\/comments?post=356"}],"version-history":[{"count":1,"href":"https:\/\/associaciodevictimesdana.com\/index.php\/wp-json\/wp\/v2\/posts\/356\/revisions"}],"predecessor-version":[{"id":358,"href":"https:\/\/associaciodevictimesdana.com\/index.php\/wp-json\/wp\/v2\/posts\/356\/revisions\/358"}],"wp:featuredmedia":[{"embeddable":true,"href":"https:\/\/associaciodevictimesdana.com\/index.php\/wp-json\/wp\/v2\/media\/357"}],"wp:attachment":[{"href":"https:\/\/associaciodevictimesdana.com\/index.php\/wp-json\/wp\/v2\/media?parent=356"}],"wp:term":[{"taxonomy":"category","embeddable":true,"href":"https:\/\/associaciodevictimesdana.com\/index.php\/wp-json\/wp\/v2\/categories?post=356"},{"taxonomy":"post_tag","embeddable":true,"href":"https:\/\/associaciodevictimesdana.com\/index.php\/wp-json\/wp\/v2\/tags?post=356"}],"curies":[{"name":"wp","href":"https:\/\/api.w.org\/{rel}","templated":true}]}}