{"id":433,"date":"2026-04-27T15:27:57","date_gmt":"2026-04-27T13:27:57","guid":{"rendered":"https:\/\/associaciodevictimesdana.com\/?p=433"},"modified":"2026-04-27T15:27:58","modified_gmt":"2026-04-27T13:27:58","slug":"la-placa-de-la-mare-de-deu-torna-a-omplir-se-de-memoria-dignitat-i-exigencia-de-justicia","status":"publish","type":"post","link":"https:\/\/associaciodevictimesdana.com\/index.php\/2026\/04\/27\/la-placa-de-la-mare-de-deu-torna-a-omplir-se-de-memoria-dignitat-i-exigencia-de-justicia\/","title":{"rendered":"La pla\u00e7a de la Mare de D\u00e9u torna a omplir-se de mem\u00f2ria, dignitat i exig\u00e8ncia de just\u00edcia"},"content":{"rendered":"\n<h2 class=\"wp-block-heading\"><\/h2>\n\n\n\n<p>La pla\u00e7a de la Mare de D\u00e9u de Val\u00e8ncia va tornar a ser un espai de mem\u00f2ria i de reivindicaci\u00f3 un any i mig despr\u00e9s de la DANA del 29 d\u2019octubre de 2024, que va costar la vida a 230 persones.<\/p>\n\n\n\n<p>M\u00e9s de 200 entitats c\u00edviques, socials i sindicals, junt amb les associacions de v\u00edctimes, vam tornar a eixir al carrer per dir alt i clar que no hi ha oblit, que no hi ha normalitat i que la lluita continua.<\/p>\n\n\n\n<p>Els crits van tornar a ressonar amb for\u00e7a: <em>\u201cNo ens faran callar\u201d<\/em> i <em>\u201cNo a l\u2019aforament, s\u00ed a Picassent\u201d<\/em> en una concentraci\u00f3 que va tornar a evidenciar el malestar social i la necessitat de veritat, just\u00edcia i reparaci\u00f3.<\/p>\n\n\n\n<p>La jornada va comptar tamb\u00e9 amb la pres\u00e8ncia i el suport de col\u00b7lectius d\u2019altres territoris, com l\u2019associaci\u00f3 7291 Veritat i Just\u00edcia, de les v\u00edctimes de les resid\u00e8ncies de Madrid, i AMAMA Sevilla, dones afectades pel c\u00e0ncer de mama, amb qui compartim una mateixa lluita davant les conseq\u00fc\u00e8ncies de decisions pol\u00edtiques que no poden quedar impunes.<\/p>\n\n\n\n<p>Tamb\u00e9 es va donar lloc a la cultura com a espai de mem\u00f2ria, amb la lectura d\u2019un fragment de <em>\u201cL\u2019aigua, els morts i les mentides\u201d<\/em>, de Joan Cavall\u00e9, amb les veus de Manolo Molins, Anna Gasc\u00f3 i Paco Alegre i amb la m\u00fasica d&#8217;Albert.<\/p>\n\n\n\n<p>Des de les associacions volem agrair profundament l\u2019assist\u00e8ncia, el suport i la implicaci\u00f3 de totes les persones i entitats que ens van acompanyar. La for\u00e7a col\u00b7lectiva \u00e9s el que ens permet continuar.<\/p>\n\n\n\n<p>En el manifest llegit durant la concentraci\u00f3 es va reiterar que la dimissi\u00f3 de Maz\u00f3n no \u00e9s suficient. Que no hi ha responsabilitats assumides. Que el que vam viure no pot quedar tancat en un relat sense conseq\u00fc\u00e8ncies.<\/p>\n\n\n\n<p>Davant d\u2019esta situaci\u00f3, la resposta \u00e9s clara: organitzaci\u00f3, suport mutu i lluita compartida. Perqu\u00e8, com vam dir ahir, no estem soles. I no anem a callar.<\/p>\n\n\n\n<p>Les mobilitzacions continuen. Les associacions de v\u00edctimes hem convocat una nova concentraci\u00f3 el pr\u00f2xim dimarts, 28d&#8217;abril, a les 15.30 h a les Corts Valencianes, coincidint amb les compareixences de membres del Consell a la comissi\u00f3 d\u2019investigaci\u00f3.<\/p>\n\n\n\n<p>Seguim.<\/p>\n\n\n\n<p><strong>Veritat, just\u00edcia i reparaci\u00f3.<\/strong><\/p>\n","protected":false},"excerpt":{"rendered":"<p>La pla\u00e7a de la Mare de D\u00e9u de Val\u00e8ncia va tornar a ser un espai de mem\u00f2ria i de reivindicaci\u00f3 un any i mig despr\u00e9s de la DANA del 29 d\u2019octubre de 2024, que va costar la vida a 230 persones. M\u00e9s de 200 entitats c\u00edviques, socials i sindicals, junt [&hellip;]<\/p>\n","protected":false},"author":1,"featured_media":436,"comment_status":"closed","ping_status":"closed","sticky":false,"template":"","format":"standard","meta":{"footnotes":""},"categories":[1],"tags":[],"class_list":["post-433","post","type-post","status-publish","format-standard","has-post-thumbnail","hentry","category-noticies"],"_links":{"self":[{"href":"https:\/\/associaciodevictimesdana.com\/index.php\/wp-json\/wp\/v2\/posts\/433","targetHints":{"allow":["GET"]}}],"collection":[{"href":"https:\/\/associaciodevictimesdana.com\/index.php\/wp-json\/wp\/v2\/posts"}],"about":[{"href":"https:\/\/associaciodevictimesdana.com\/index.php\/wp-json\/wp\/v2\/types\/post"}],"author":[{"embeddable":true,"href":"https:\/\/associaciodevictimesdana.com\/index.php\/wp-json\/wp\/v2\/users\/1"}],"replies":[{"embeddable":true,"href":"https:\/\/associaciodevictimesdana.com\/index.php\/wp-json\/wp\/v2\/comments?post=433"}],"version-history":[{"count":1,"href":"https:\/\/associaciodevictimesdana.com\/index.php\/wp-json\/wp\/v2\/posts\/433\/revisions"}],"predecessor-version":[{"id":437,"href":"https:\/\/associaciodevictimesdana.com\/index.php\/wp-json\/wp\/v2\/posts\/433\/revisions\/437"}],"wp:featuredmedia":[{"embeddable":true,"href":"https:\/\/associaciodevictimesdana.com\/index.php\/wp-json\/wp\/v2\/media\/436"}],"wp:attachment":[{"href":"https:\/\/associaciodevictimesdana.com\/index.php\/wp-json\/wp\/v2\/media?parent=433"}],"wp:term":[{"taxonomy":"category","embeddable":true,"href":"https:\/\/associaciodevictimesdana.com\/index.php\/wp-json\/wp\/v2\/categories?post=433"},{"taxonomy":"post_tag","embeddable":true,"href":"https:\/\/associaciodevictimesdana.com\/index.php\/wp-json\/wp\/v2\/tags?post=433"}],"curies":[{"name":"wp","href":"https:\/\/api.w.org\/{rel}","templated":true}]}}