{"id":439,"date":"2026-04-30T12:44:22","date_gmt":"2026-04-30T10:44:22","guid":{"rendered":"https:\/\/associaciodevictimesdana.com\/?p=439"},"modified":"2026-04-30T12:44:22","modified_gmt":"2026-04-30T10:44:22","slug":"les-associacions-de-victimes-de-la-dana-rebem-el-premi-vicent-ventura-2026-de-la-universitat-de-valencia","status":"publish","type":"post","link":"https:\/\/associaciodevictimesdana.com\/index.php\/2026\/04\/30\/les-associacions-de-victimes-de-la-dana-rebem-el-premi-vicent-ventura-2026-de-la-universitat-de-valencia\/","title":{"rendered":"Les associacions de v\u00edctimes de la DANA rebem el Premi Vicent Ventura 2026 de la Universitat de Val\u00e8ncia"},"content":{"rendered":"\n<p><\/p>\n\n\n\n<p>La Universitat de Val\u00e8ncia ha concedit el Premi Vicent Ventura 2026 al conjunt d\u2019associacions de v\u00edctimes de la DANA del 29 d\u2019octubre de 2024, en reconeixement a la seua traject\u00f2ria c\u00edvica, el comprom\u00eds democr\u00e0tic i la defensa de la dignitat, la mem\u00f2ria i els drets de les persones afectades.<\/p>\n\n\n\n<p>El guard\u00f3, instaurat per la Universitat de Val\u00e8ncia en homenatge al periodista, pol\u00edtic i activista Vicent Ventura, ser\u00e0 lliurat el pr\u00f2xim 15 de maig, a les 19 hores, a l\u2019Aula Magna del Centre Cultural La Nau.<\/p>\n\n\n\n<p>Des de les associacions valorem este reconeixement amb emoci\u00f3 i responsabilitat, especialment perqu\u00e8 prov\u00e9 de les universitats p\u00fabliques valencianes i d\u2019un premi vinculat a la mem\u00f2ria d\u2019una figura referent del comprom\u00eds democr\u00e0tic, la defensa de les llibertats i el pensament cr\u00edtic.<\/p>\n\n\n\n<p>En representaci\u00f3 de les associacions de v\u00edctimes assistiran, Maril\u00f3 Gradol\u00ed, presidenta de l\u2019Associaci\u00f3 de V\u00edctimes de la Dana 29 d\u2019octubre de 2024, i Rosa \u00c1lvarez Gil, presidenta de l\u2019Asociaci\u00f3n de V\u00edctimas Mortales de la Dana 29-O.<\/p>\n\n\n\n<p>El Premi Vicent Ventura reconeix anualment persones i col\u00b7lectius que han destacat pel seu comprom\u00eds c\u00edvic, social i cultural. Enguany, el jurat ha distingit tamb\u00e9 el sindicalista Miquel Coll i la presidenta de l\u2019Acad\u00e8mia Valenciana de la Llengua, Ver\u00f2nica Cant\u00f3.<\/p>\n\n\n\n<p>La comissi\u00f3 organitzadora i el jurat estan integrats per la Universitat de Val\u00e8ncia, la Universitat Jaume I, la Universitat d\u2019Alacant, persones vinculades a Vicent Ventura i organitzacions socials i sindicals com CCOO, Intersindical Valenciana, UGT i la Uni\u00f3 de Periodistes Valencians.<\/p>\n\n\n\n<p>Des de les associacions volem compartir este reconeixement amb totes les v\u00edctimes, les fam\u00edlies i les persones afectades per la DANA, aix\u00ed com amb totes les entitats, col\u00b7lectius i persones que han sostingut, des de la solidaritat i el suport mutu, la lluita per la veritat, la just\u00edcia i la reparaci\u00f3.<\/p>\n\n\n\n<p>Tamb\u00e9 volem posar en valor el paper de la Universitat de Val\u00e8ncia i de la comunitat universit\u00e0ria, que des del primer moment van estar al costat de les persones afectades, aportant coneixement, ajuda i comprom\u00eds social en moments especialment dif\u00edcils.<\/p>\n\n\n\n<p>Rebre un premi amb el nom de Vicent Ventura \u00e9s tamb\u00e9 un recordatori de la necessitat de continuar defensant una societat cr\u00edtica, democr\u00e0tica i compromesa amb els drets humans i amb les persones m\u00e9s vulnerables.<\/p>\n\n\n\n<p>Continuem.<\/p>\n\n\n\n<p>Veritat, just\u00edcia i reparaci\u00f3.<\/p>\n","protected":false},"excerpt":{"rendered":"<p>La Universitat de Val\u00e8ncia ha concedit el Premi Vicent Ventura 2026 al conjunt d\u2019associacions de v\u00edctimes de la DANA del 29 d\u2019octubre de 2024, en reconeixement a la seua traject\u00f2ria c\u00edvica, el comprom\u00eds democr\u00e0tic i la defensa de la dignitat, la mem\u00f2ria i els drets de les persones afectades. El [&hellip;]<\/p>\n","protected":false},"author":1,"featured_media":440,"comment_status":"closed","ping_status":"closed","sticky":false,"template":"","format":"standard","meta":{"footnotes":""},"categories":[1],"tags":[],"class_list":["post-439","post","type-post","status-publish","format-standard","has-post-thumbnail","hentry","category-noticies"],"_links":{"self":[{"href":"https:\/\/associaciodevictimesdana.com\/index.php\/wp-json\/wp\/v2\/posts\/439","targetHints":{"allow":["GET"]}}],"collection":[{"href":"https:\/\/associaciodevictimesdana.com\/index.php\/wp-json\/wp\/v2\/posts"}],"about":[{"href":"https:\/\/associaciodevictimesdana.com\/index.php\/wp-json\/wp\/v2\/types\/post"}],"author":[{"embeddable":true,"href":"https:\/\/associaciodevictimesdana.com\/index.php\/wp-json\/wp\/v2\/users\/1"}],"replies":[{"embeddable":true,"href":"https:\/\/associaciodevictimesdana.com\/index.php\/wp-json\/wp\/v2\/comments?post=439"}],"version-history":[{"count":1,"href":"https:\/\/associaciodevictimesdana.com\/index.php\/wp-json\/wp\/v2\/posts\/439\/revisions"}],"predecessor-version":[{"id":441,"href":"https:\/\/associaciodevictimesdana.com\/index.php\/wp-json\/wp\/v2\/posts\/439\/revisions\/441"}],"wp:featuredmedia":[{"embeddable":true,"href":"https:\/\/associaciodevictimesdana.com\/index.php\/wp-json\/wp\/v2\/media\/440"}],"wp:attachment":[{"href":"https:\/\/associaciodevictimesdana.com\/index.php\/wp-json\/wp\/v2\/media?parent=439"}],"wp:term":[{"taxonomy":"category","embeddable":true,"href":"https:\/\/associaciodevictimesdana.com\/index.php\/wp-json\/wp\/v2\/categories?post=439"},{"taxonomy":"post_tag","embeddable":true,"href":"https:\/\/associaciodevictimesdana.com\/index.php\/wp-json\/wp\/v2\/tags?post=439"}],"curies":[{"name":"wp","href":"https:\/\/api.w.org\/{rel}","templated":true}]}}