{"id":443,"date":"2026-04-28T15:03:00","date_gmt":"2026-04-28T13:03:00","guid":{"rendered":"https:\/\/associaciodevictimesdana.com\/?p=443"},"modified":"2026-04-30T15:10:31","modified_gmt":"2026-04-30T13:10:31","slug":"les-victimes-de-la-dana-ens-concentrem-a-les-corts-per-recordar-les-responsabilitats-politiques-del-29-doctubre","status":"publish","type":"post","link":"https:\/\/associaciodevictimesdana.com\/index.php\/2026\/04\/28\/les-victimes-de-la-dana-ens-concentrem-a-les-corts-per-recordar-les-responsabilitats-politiques-del-29-doctubre\/","title":{"rendered":"Les v\u00edctimes de la DANA ens concentrem a les Corts per recordar les responsabilitats pol\u00edtiques del 29 d\u2019octubre"},"content":{"rendered":"\n<h2 class=\"wp-block-heading\"><\/h2>\n\n\n\n<p>Les associacions de v\u00edctimes de la DANA ens hem concentrat este dimarts 28 d&#8217;abril de 2026 davant de les Corts Valencianes coincidint amb les compareixences de membres del Consell en la comissi\u00f3 d\u2019investigaci\u00f3 sobre la trag\u00e8dia del 29 d\u2019octubre de 2024.<\/p>\n\n\n\n<p>Amb esta acci\u00f3 hem volgut recordar als consellers que compareixen Camamero, Barrachina i Mart\u00ednez Mus, que no van estar a l\u2019altura de les seues responsabilitats durant la gesti\u00f3 de l\u2019emerg\u00e8ncia, en una jornada que va acabar amb 230 v\u00edctimes mortals i milers de persones afectades.<\/p>\n\n\n\n<p>La concentraci\u00f3 ha servit tamb\u00e9 per reiterar que les v\u00edctimes continuem exigint veritat, just\u00edcia i reparaci\u00f3, aix\u00ed com responsabilitats pol\u00edtiques davant una gesti\u00f3 marcada per la falta de prevenci\u00f3, la descoordinaci\u00f3 i l\u2019abs\u00e8ncia d\u2019avisos efectius a la poblaci\u00f3.<\/p>\n\n\n\n<p>Les v\u00edctimes continuarem presents all\u00e0 on calga per recordar que darrere de cada decisi\u00f3 pol\u00edtica hi havia vides humanes.<\/p>\n\n\n\n<p><strong>Veritat, just\u00edcia i reparaci\u00f3.<\/strong><\/p>\n\n\n\n<figure class=\"wp-block-image size-large\"><img loading=\"lazy\" decoding=\"async\" width=\"1024\" height=\"576\" src=\"https:\/\/associaciodevictimesdana.com\/wp-content\/uploads\/2026\/04\/WhatsApp-Image-2026-04-28-at-15.29.18-1-1-1024x576.jpeg\" alt=\"\" class=\"wp-image-445\" srcset=\"https:\/\/associaciodevictimesdana.com\/wp-content\/uploads\/2026\/04\/WhatsApp-Image-2026-04-28-at-15.29.18-1-1-1024x576.jpeg 1024w, https:\/\/associaciodevictimesdana.com\/wp-content\/uploads\/2026\/04\/WhatsApp-Image-2026-04-28-at-15.29.18-1-1-300x169.jpeg 300w, https:\/\/associaciodevictimesdana.com\/wp-content\/uploads\/2026\/04\/WhatsApp-Image-2026-04-28-at-15.29.18-1-1-768x432.jpeg 768w, https:\/\/associaciodevictimesdana.com\/wp-content\/uploads\/2026\/04\/WhatsApp-Image-2026-04-28-at-15.29.18-1-1-1536x864.jpeg 1536w, https:\/\/associaciodevictimesdana.com\/wp-content\/uploads\/2026\/04\/WhatsApp-Image-2026-04-28-at-15.29.18-1-1-2048x1152.jpeg 2048w\" sizes=\"auto, (max-width: 1024px) 100vw, 1024px\" \/><\/figure>\n","protected":false},"excerpt":{"rendered":"<p>Les associacions de v\u00edctimes de la DANA ens hem concentrat este dimarts 28 d&#8217;abril de 2026 davant de les Corts Valencianes coincidint amb les compareixences de membres del Consell en la comissi\u00f3 d\u2019investigaci\u00f3 sobre la trag\u00e8dia del 29 d\u2019octubre de 2024. Amb esta acci\u00f3 hem volgut recordar als consellers que [&hellip;]<\/p>\n","protected":false},"author":1,"featured_media":444,"comment_status":"closed","ping_status":"closed","sticky":false,"template":"","format":"standard","meta":{"footnotes":""},"categories":[1],"tags":[7,15,6,11],"class_list":["post-443","post","type-post","status-publish","format-standard","has-post-thumbnail","hentry","category-noticies","tag-29-doctubre","tag-comissio-dinvestigacio","tag-dana","tag-victimes"],"_links":{"self":[{"href":"https:\/\/associaciodevictimesdana.com\/index.php\/wp-json\/wp\/v2\/posts\/443","targetHints":{"allow":["GET"]}}],"collection":[{"href":"https:\/\/associaciodevictimesdana.com\/index.php\/wp-json\/wp\/v2\/posts"}],"about":[{"href":"https:\/\/associaciodevictimesdana.com\/index.php\/wp-json\/wp\/v2\/types\/post"}],"author":[{"embeddable":true,"href":"https:\/\/associaciodevictimesdana.com\/index.php\/wp-json\/wp\/v2\/users\/1"}],"replies":[{"embeddable":true,"href":"https:\/\/associaciodevictimesdana.com\/index.php\/wp-json\/wp\/v2\/comments?post=443"}],"version-history":[{"count":1,"href":"https:\/\/associaciodevictimesdana.com\/index.php\/wp-json\/wp\/v2\/posts\/443\/revisions"}],"predecessor-version":[{"id":446,"href":"https:\/\/associaciodevictimesdana.com\/index.php\/wp-json\/wp\/v2\/posts\/443\/revisions\/446"}],"wp:featuredmedia":[{"embeddable":true,"href":"https:\/\/associaciodevictimesdana.com\/index.php\/wp-json\/wp\/v2\/media\/444"}],"wp:attachment":[{"href":"https:\/\/associaciodevictimesdana.com\/index.php\/wp-json\/wp\/v2\/media?parent=443"}],"wp:term":[{"taxonomy":"category","embeddable":true,"href":"https:\/\/associaciodevictimesdana.com\/index.php\/wp-json\/wp\/v2\/categories?post=443"},{"taxonomy":"post_tag","embeddable":true,"href":"https:\/\/associaciodevictimesdana.com\/index.php\/wp-json\/wp\/v2\/tags?post=443"}],"curies":[{"name":"wp","href":"https:\/\/api.w.org\/{rel}","templated":true}]}}