{"id":596,"date":"2026-08-30T12:39:15","date_gmt":"2026-08-30T10:39:15","guid":{"rendered":"https:\/\/associaciodevictimesdana.com\/?p=596"},"modified":"2026-08-30T12:39:16","modified_gmt":"2026-08-30T10:39:16","slug":"albalat-dels-sorells-un-poble-que-va-estar-al-costat-de-les-victimes-de-la-dana","status":"publish","type":"post","link":"https:\/\/associaciodevictimesdana.com\/index.php\/2026\/08\/30\/albalat-dels-sorells-un-poble-que-va-estar-al-costat-de-les-victimes-de-la-dana\/","title":{"rendered":"Albalat dels Sorells, un poble que va estar al costat de les v\u00edctimes de la DANA"},"content":{"rendered":"\n<h2 class=\"wp-block-heading\"><\/h2>\n\n\n\n<p class=\"wp-block-paragraph\">L\u2019Associaci\u00f3 de V\u00edctimes de la DANA 29 d\u2019Octubre de 2024 ha participat en les festes d\u2019Albalat dels Sorells amb dos moments especialment significatius: el preg\u00f3 de les festes, i la inauguraci\u00f3 de l\u2019exposici\u00f3 i presentaci\u00f3 del llibre-cat\u00e0leg <em>Pintar un escenari. Escriure un relat. Algunes veus solid\u00e0ries des de l\u2019altra galta de l\u2019Horta, un any despr\u00e9s<\/em>.<\/p>\n\n\n\n<figure class=\"wp-block-image size-large\"><img loading=\"lazy\" decoding=\"async\" width=\"1024\" height=\"576\" src=\"https:\/\/associaciodevictimesdana.com\/wp-content\/uploads\/2026\/08\/WhatsApp-Image-2026-08-27-at-21.42.21-1024x576.jpeg\" alt=\"\" class=\"wp-image-597\" srcset=\"https:\/\/associaciodevictimesdana.com\/wp-content\/uploads\/2026\/08\/WhatsApp-Image-2026-08-27-at-21.42.21-1024x576.jpeg 1024w, https:\/\/associaciodevictimesdana.com\/wp-content\/uploads\/2026\/08\/WhatsApp-Image-2026-08-27-at-21.42.21-300x169.jpeg 300w, https:\/\/associaciodevictimesdana.com\/wp-content\/uploads\/2026\/08\/WhatsApp-Image-2026-08-27-at-21.42.21-768x432.jpeg 768w, https:\/\/associaciodevictimesdana.com\/wp-content\/uploads\/2026\/08\/WhatsApp-Image-2026-08-27-at-21.42.21-1536x864.jpeg 1536w, https:\/\/associaciodevictimesdana.com\/wp-content\/uploads\/2026\/08\/WhatsApp-Image-2026-08-27-at-21.42.21-2048x1152.jpeg 2048w\" sizes=\"auto, (max-width: 1024px) 100vw, 1024px\" \/><\/figure>\n\n\n\n<h3 class=\"wp-block-heading\">Un preg\u00f3 per donar les gr\u00e0cies<\/h3>\n\n\n\n<p class=\"wp-block-paragraph\">En el preg\u00f3, la nostra associaci\u00f3 ha volgut posar veu, a trav\u00e9s de To\u00f1i Garc\u00eda, a un agra\u00efment que va molt m\u00e9s enll\u00e0 d\u2019una invitaci\u00f3 a participar en les festes.<\/p>\n\n\n\n<p class=\"wp-block-paragraph\">\u00abHi ha moments que definixen un poble. Pobles que deixen empremta per la seua manera d\u2019estar al costat de les persones quan m\u00e9s ho necessiten\u00bb. Amb estes paraules, To\u00f1i Garc\u00eda ha recordat que la DANA del 29 d\u2019octubre de 2024 va deixar \u00abel pitjor dels escenaris\u00bb, per\u00f2 tamb\u00e9 va traure \u00abel millor del poble valenci\u00e0\u00bb. Albalat dels Sorells va formar part d\u2019eixa xarxa de solidaritat que es va mobilitzar per ajudar els municipis afectats, dedicant temps, esfor\u00e7os, recursos i abra\u00e7ades a pobles germans que estaven patint les conseq\u00fc\u00e8ncies de la cat\u00e0strofe.<\/p>\n\n\n\n<p class=\"wp-block-paragraph\">Per a l\u2019associaci\u00f3, haver estat convidada a pronunciar el preg\u00f3 ha sigut un gest d\u2019estima que ens ha emocionat profundament, per\u00f2 tamb\u00e9 una oportunitat per donar les gr\u00e0cies a tot un poble que va estar al costat de les persones afectades.<\/p>\n\n\n\n<p class=\"wp-block-paragraph\">\u00abLa for\u00e7a d\u2019una comunitat no es mesura quan tot va b\u00e9, sin\u00f3 quan ning\u00fa es queda enrere\u00bb, ha assenyalat To\u00f1i Garc\u00eda, abans de desitjar a totes les ve\u00efnes i ve\u00efns d\u2019Albalat unes festes plenes de conviv\u00e8ncia, retrobaments i esperan\u00e7a.<\/p>\n\n\n\n<figure class=\"wp-block-image size-large\"><img loading=\"lazy\" decoding=\"async\" width=\"1024\" height=\"576\" src=\"https:\/\/associaciodevictimesdana.com\/wp-content\/uploads\/2026\/08\/WhatsApp-Image-2026-08-29-at-10.43.28-1024x576.jpeg\" alt=\"\" class=\"wp-image-598\" srcset=\"https:\/\/associaciodevictimesdana.com\/wp-content\/uploads\/2026\/08\/WhatsApp-Image-2026-08-29-at-10.43.28-1024x576.jpeg 1024w, https:\/\/associaciodevictimesdana.com\/wp-content\/uploads\/2026\/08\/WhatsApp-Image-2026-08-29-at-10.43.28-300x169.jpeg 300w, https:\/\/associaciodevictimesdana.com\/wp-content\/uploads\/2026\/08\/WhatsApp-Image-2026-08-29-at-10.43.28-768x432.jpeg 768w, https:\/\/associaciodevictimesdana.com\/wp-content\/uploads\/2026\/08\/WhatsApp-Image-2026-08-29-at-10.43.28-1536x864.jpeg 1536w, https:\/\/associaciodevictimesdana.com\/wp-content\/uploads\/2026\/08\/WhatsApp-Image-2026-08-29-at-10.43.28-2048x1152.jpeg 2048w\" sizes=\"auto, (max-width: 1024px) 100vw, 1024px\" \/><\/figure>\n\n\n\n<h3 class=\"wp-block-heading\"><em>Pintar un escenari. Escriure un relat<\/em><\/h3>\n\n\n\n<p class=\"wp-block-paragraph\">L\u2019altra cita ha sigut la inauguraci\u00f3 a l\u2019Espai Cultural d\u2019Albalat dels Sorells de l\u2019exposici\u00f3 <em>Pintar un escenari, escriure un relat<\/em>, un projecte impulsat per la Regidoria de Cultura de l\u2019Ajuntament d\u2019Albalat dels Sorells amb el patrocini de l\u2019Editorial Ulleye.<\/p>\n\n\n\n<p class=\"wp-block-paragraph\">La proposta combina pintura i literatura per reflexionar sobre l\u2019impacte i les conseq\u00fc\u00e8ncies de la DANA del 29 d\u2019octubre de 2024 i construir un espai de di\u00e0leg, mem\u00f2ria i homenatge a les v\u00edctimes.<\/p>\n\n\n\n<p class=\"wp-block-paragraph\">La mostra reuneix <strong>32 pintures d\u2019Arnau Bel\u00e9n<\/strong>, que recorren els paisatges afectats durant les setmanes posteriors a la DANA, amb imatges marcades pel fang, la desolaci\u00f3, els treballs de reconstrucci\u00f3 i la petjada emocional deixada en els territoris i en les persones.<\/p>\n\n\n\n<p class=\"wp-block-paragraph\">Al costat de les obres pict\u00f2riques, l\u2019exposici\u00f3 incorpora <strong>vuit textos literaris<\/strong> escrits expressament per al projecte per Francesc Bayarri, Maria Jes\u00fas Bolta, \u00c0lex Devis Mainz, Albert Ferrer Orts, Josep Vicent Frechina, Vicent Garcia Devis, Toni Moll\u00e0 i Juan B. Tormos Capilla.<\/p>\n\n\n\n<p class=\"wp-block-paragraph\">El resultat \u00e9s una mirada compartida des de l\u2019altra galta de l\u2019Horta, constru\u00efda a trav\u00e9s de les imatges i les paraules, que reivindica la cultura com una eina de mem\u00f2ria col\u00b7lectiva i com una manera d\u2019acompanyar els territoris afectats mentre la recuperaci\u00f3 continua formant part del dia a dia.<\/p>\n\n\n\n<p class=\"wp-block-paragraph\">L\u2019exposici\u00f3 es podr\u00e0 visitar <strong>de manera gratu\u00efta fins al 13 de setembre a l\u2019Espai Cultural d\u2019Albalat dels Sorells<\/strong>.<\/p>\n\n\n\n<p class=\"wp-block-paragraph\">Des de l\u2019Associaci\u00f3 de V\u00edctimes de la DANA 29 d\u2019Octubre de 2024 volem agrair a Albalat dels Sorells l\u2019acollida, la solidaritat i la possibilitat de compartir estos dos espais: un per donar les gr\u00e0cies a qui va estar al nostre costat quan m\u00e9s ho necessit\u00e0vem i un altre per mantindre viva, a trav\u00e9s de l\u2019art i la literatura, la mem\u00f2ria d\u2019all\u00f2 que va passar.<\/p>\n","protected":false},"excerpt":{"rendered":"<p>L\u2019Associaci\u00f3 de V\u00edctimes de la DANA 29 d\u2019Octubre de 2024 ha participat en les festes d\u2019Albalat dels Sorells amb dos moments especialment significatius: el preg\u00f3 de les festes, i la inauguraci\u00f3 de l\u2019exposici\u00f3 i presentaci\u00f3 del llibre-cat\u00e0leg Pintar un escenari. Escriure un relat. Algunes veus solid\u00e0ries des de l\u2019altra galta [&hellip;]<\/p>\n","protected":false},"author":1,"featured_media":599,"comment_status":"closed","ping_status":"closed","sticky":false,"template":"","format":"standard","meta":{"footnotes":""},"categories":[1],"tags":[],"class_list":["post-596","post","type-post","status-publish","format-standard","has-post-thumbnail","hentry","category-noticies"],"_links":{"self":[{"href":"https:\/\/associaciodevictimesdana.com\/index.php\/wp-json\/wp\/v2\/posts\/596","targetHints":{"allow":["GET"]}}],"collection":[{"href":"https:\/\/associaciodevictimesdana.com\/index.php\/wp-json\/wp\/v2\/posts"}],"about":[{"href":"https:\/\/associaciodevictimesdana.com\/index.php\/wp-json\/wp\/v2\/types\/post"}],"author":[{"embeddable":true,"href":"https:\/\/associaciodevictimesdana.com\/index.php\/wp-json\/wp\/v2\/users\/1"}],"replies":[{"embeddable":true,"href":"https:\/\/associaciodevictimesdana.com\/index.php\/wp-json\/wp\/v2\/comments?post=596"}],"version-history":[{"count":1,"href":"https:\/\/associaciodevictimesdana.com\/index.php\/wp-json\/wp\/v2\/posts\/596\/revisions"}],"predecessor-version":[{"id":600,"href":"https:\/\/associaciodevictimesdana.com\/index.php\/wp-json\/wp\/v2\/posts\/596\/revisions\/600"}],"wp:featuredmedia":[{"embeddable":true,"href":"https:\/\/associaciodevictimesdana.com\/index.php\/wp-json\/wp\/v2\/media\/599"}],"wp:attachment":[{"href":"https:\/\/associaciodevictimesdana.com\/index.php\/wp-json\/wp\/v2\/media?parent=596"}],"wp:term":[{"taxonomy":"category","embeddable":true,"href":"https:\/\/associaciodevictimesdana.com\/index.php\/wp-json\/wp\/v2\/categories?post=596"},{"taxonomy":"post_tag","embeddable":true,"href":"https:\/\/associaciodevictimesdana.com\/index.php\/wp-json\/wp\/v2\/tags?post=596"}],"curies":[{"name":"wp","href":"https:\/\/api.w.org\/{rel}","templated":true}]}}