{"id":601,"date":"2026-08-30T13:02:36","date_gmt":"2026-08-30T11:02:36","guid":{"rendered":"https:\/\/associaciodevictimesdana.com\/?p=601"},"modified":"2026-08-30T13:02:37","modified_gmt":"2026-08-30T11:02:37","slug":"22-mesos-despres-continuem-reclamant-veritat-justicia-i-reparacio","status":"publish","type":"post","link":"https:\/\/associaciodevictimesdana.com\/index.php\/2026\/08\/30\/22-mesos-despres-continuem-reclamant-veritat-justicia-i-reparacio\/","title":{"rendered":"22 mesos despr\u00e9s, continuem reclamant veritat, just\u00edcia i reparaci\u00f3"},"content":{"rendered":"\n<h2 class=\"wp-block-heading\"><\/h2>\n\n\n\n<p class=\"wp-block-paragraph\">L\u2019Associaci\u00f3 de V\u00edctimes de la DANA 29 d\u2019Octubre de 2024 ha tornat a eixir al carrer este dissabte, 29 d\u2019agost, a la pla\u00e7a de la Mare de D\u00e9u de Val\u00e8ncia, quan es complixen 22 mesos de la DANA que va provocar la mort de 231 persones.<\/p>\n\n\n\n<p class=\"wp-block-paragraph\">La presidenta de l\u2019associaci\u00f3, Maril\u00f3 Gradol\u00ed, ha posat veu a la indignaci\u00f3 de les v\u00edctimes davant una situaci\u00f3 que, \u00abcasi dos anys despr\u00e9s seguim reclamant veritat, just\u00edcia i reparaci\u00f3\u00bb, ha afirmat, i ha denunciat tamb\u00e9 la falta de previsi\u00f3 i les actuacions que tornen a posar en dubte la capacitat del Consell Valenci\u00e0 i l\u2019Ajuntament de Val\u00e8ncia vistes les actuacions de prevenci\u00f3, anticipaci\u00f3 i resposta en els incendis recents.<\/p>\n\n\n\n<p class=\"wp-block-paragraph\">Les v\u00edctimes continuen preguntant-se qu\u00e8 pot passar quan arriben les pr\u00f2ximes pluges i ha reclamat una resposta clara: \u00abNecessitem seguretat i que se\u2019ns escolte\u00bb. Una exig\u00e8ncia que no \u00e9s nom\u00e9s una q\u00fcesti\u00f3 de mem\u00f2ria, sin\u00f3 tamb\u00e9 de present i de futur: despr\u00e9s del que va passar el 29 d\u2019octubre, les institucions tenen l\u2019obligaci\u00f3 de garantir que la ciutadania estiga protegida i que els errors i les neglig\u00e8ncies no tornen a repetir-se.<\/p>\n\n\n\n<p class=\"wp-block-paragraph\">Des de la nostra associaci\u00f3 continuem defensant que <strong>els drets de les v\u00edctimes han d\u2019estar per damunt d\u2019una garantia processal com \u00e9s l\u2019aforament auton\u00f2mic<\/strong>. No demanem privilegis ni venjan\u00e7a: reclamem que les v\u00edctimes tinguen acc\u00e9s a una just\u00edcia efectiva i que no existisquen barreres institucionals que impedisquen investigar les responsabilitats de qui tenia el deure de protegir la ciutadania. Aquesta \u00e9s tamb\u00e9 la batalla jur\u00eddica que estem mantenint davant el Tribunal Constitucional.<\/p>\n\n\n\n<p class=\"wp-block-paragraph\">L\u2019acte ha comptat tamb\u00e9 amb l\u2019actuaci\u00f3 del cantautor <strong>Pau Alabajos<\/strong>, que ha posat m\u00fasica a una jornada de mem\u00f2ria i reivindicaci\u00f3. La seua actuaci\u00f3, junt amb la participaci\u00f3 de les colles de tabal i dol\u00e7aina, ha servit per tancar una nova mobilitzaci\u00f3 en qu\u00e8 les v\u00edctimes han tornat a demostrar que continuen ac\u00ed, que no obliden i que no deixaran de reclamar just\u00edcia.<\/p>\n\n\n\n<p class=\"wp-block-paragraph\"><strong>Veritat, just\u00edcia i reparaci\u00f3.<\/strong><\/p>\n\n\n\n<figure class=\"wp-block-image size-large\"><img loading=\"lazy\" decoding=\"async\" width=\"1024\" height=\"691\" src=\"https:\/\/associaciodevictimesdana.com\/wp-content\/uploads\/2026\/08\/Concentracio-agost-1024x691.jpg\" alt=\"\" class=\"wp-image-604\" srcset=\"https:\/\/associaciodevictimesdana.com\/wp-content\/uploads\/2026\/08\/Concentracio-agost-1024x691.jpg 1024w, https:\/\/associaciodevictimesdana.com\/wp-content\/uploads\/2026\/08\/Concentracio-agost-300x202.jpg 300w, https:\/\/associaciodevictimesdana.com\/wp-content\/uploads\/2026\/08\/Concentracio-agost-768x518.jpg 768w, https:\/\/associaciodevictimesdana.com\/wp-content\/uploads\/2026\/08\/Concentracio-agost.jpg 1235w\" sizes=\"auto, (max-width: 1024px) 100vw, 1024px\" \/><\/figure>\n","protected":false},"excerpt":{"rendered":"<p>L\u2019Associaci\u00f3 de V\u00edctimes de la DANA 29 d\u2019Octubre de 2024 ha tornat a eixir al carrer este dissabte, 29 d\u2019agost, a la pla\u00e7a de la Mare de D\u00e9u de Val\u00e8ncia, quan es complixen 22 mesos de la DANA que va provocar la mort de 231 persones. La presidenta de l\u2019associaci\u00f3, [&hellip;]<\/p>\n","protected":false},"author":1,"featured_media":602,"comment_status":"closed","ping_status":"closed","sticky":false,"template":"","format":"standard","meta":{"footnotes":""},"categories":[1],"tags":[7,6,11],"class_list":["post-601","post","type-post","status-publish","format-standard","has-post-thumbnail","hentry","category-noticies","tag-29-doctubre","tag-dana","tag-victimes"],"_links":{"self":[{"href":"https:\/\/associaciodevictimesdana.com\/index.php\/wp-json\/wp\/v2\/posts\/601","targetHints":{"allow":["GET"]}}],"collection":[{"href":"https:\/\/associaciodevictimesdana.com\/index.php\/wp-json\/wp\/v2\/posts"}],"about":[{"href":"https:\/\/associaciodevictimesdana.com\/index.php\/wp-json\/wp\/v2\/types\/post"}],"author":[{"embeddable":true,"href":"https:\/\/associaciodevictimesdana.com\/index.php\/wp-json\/wp\/v2\/users\/1"}],"replies":[{"embeddable":true,"href":"https:\/\/associaciodevictimesdana.com\/index.php\/wp-json\/wp\/v2\/comments?post=601"}],"version-history":[{"count":1,"href":"https:\/\/associaciodevictimesdana.com\/index.php\/wp-json\/wp\/v2\/posts\/601\/revisions"}],"predecessor-version":[{"id":605,"href":"https:\/\/associaciodevictimesdana.com\/index.php\/wp-json\/wp\/v2\/posts\/601\/revisions\/605"}],"wp:featuredmedia":[{"embeddable":true,"href":"https:\/\/associaciodevictimesdana.com\/index.php\/wp-json\/wp\/v2\/media\/602"}],"wp:attachment":[{"href":"https:\/\/associaciodevictimesdana.com\/index.php\/wp-json\/wp\/v2\/media?parent=601"}],"wp:term":[{"taxonomy":"category","embeddable":true,"href":"https:\/\/associaciodevictimesdana.com\/index.php\/wp-json\/wp\/v2\/categories?post=601"},{"taxonomy":"post_tag","embeddable":true,"href":"https:\/\/associaciodevictimesdana.com\/index.php\/wp-json\/wp\/v2\/tags?post=601"}],"curies":[{"name":"wp","href":"https:\/\/api.w.org\/{rel}","templated":true}]}}